{"id":123,"date":"2016-02-10T17:08:13","date_gmt":"2016-02-10T16:08:13","guid":{"rendered":"http:\/\/www.refrigeracionzelsio.es\/blog\/?p=123"},"modified":"2025-09-26T11:45:10","modified_gmt":"2025-09-26T09:45:10","slug":"curso-montaje-y-mantenimiento-de-instalaciones-frigorificas","status":"publish","type":"post","link":"https:\/\/refrigeracionzelsio.es\/blog\/curso-montaje-y-mantenimiento-de-instalaciones-frigorificas\/","title":{"rendered":"Curso: Montaje y mantenimiento de instalaciones frigor\u00edficas"},"content":{"rendered":"<p>Desde la escuela\u00a0<a title=\"Cefoim Valencia\" href=\"http:\/\/cefoimvalencia.com\/\" target=\"_blank\" rel=\"nofollow\"><strong>CEFOIM VALENCIA<\/strong><\/a>\u00a0nos llega este nuevo\u00a0<strong>curso\u00a0del Certificado de Profesionalidad de Frigorista.<\/strong><\/p>\n<p><strong>Objetivos<\/strong>: Realizar el montaje, mantenimiento y reparaci\u00f3n de instalaciones frigor\u00edficas con la calidad requerida, cumpliendo con la reglamentaci\u00f3n vigente y en condiciones de seguridad y de respeto al medio ambiente.<\/p>\n<p><strong>Requisitos<\/strong>: Las administraciones p\u00fablicas convocaran unas pruebas para poder demostrar las competencias suficientes dentro de los \u00e1mbitos establecidos. Estar\u00e1n exentos de realizar dichas pruebas:<\/p>\n<p>&#8211;\u00a0\u00a0\u00a0\u00a0\u00a0\u00a0 Quienes est\u00e9n en posesi\u00f3n de un certificado de profesionalidad del mismo nivel del m\u00f3dulo.<!--more--><\/p>\n<p>&#8211;\u00a0\u00a0\u00a0\u00a0\u00a0\u00a0 Quienes deseen acceder a un certificado de profesionalidad de nivel 3 y est\u00e9n en posesi\u00f3n de un certificado de profesionalidad de nivel 2 de la misma familia y \u00e1rea profesional.<\/p>\n<p>&#8211;\u00a0\u00a0\u00a0\u00a0\u00a0\u00a0 Quienes deseen acceder a un certificado de profesionalidad de nivel 2 y est\u00e9n en posesi\u00f3n de un certificado de profesionalidad de nivel 1 de la misma familia y \u00e1rea profesional.<\/p>\n<p>&#8211;\u00a0\u00a0\u00a0\u00a0\u00a0\u00a0 Quienes cumplan el requisito acad\u00e9mico de acceso a los ciclos formativos de grado medio para los certificado de profesionalidad de nivel 2 y a los ciclos formativos de grado superior para los niveles 3, o bien hayan superado las pruebas de acceso reguladas por las administraciones educativas.<\/p>\n<p>&#8211;\u00a0\u00a0\u00a0\u00a0\u00a0\u00a0 Quienes tengan superada la prueba de acceso a la universidad para mayores de 25 a\u00f1os.<\/p>\n<p><strong>Duraci\u00f3n horas<\/strong>: 420 h + 120 horas del modulo de pr\u00e1cticas (estar\u00e1n exentos de realizar el modulo de pr\u00e1cticas aquellos que acrediten mediante la certificaci\u00f3n de la empresa 3 meses de experiencia, en el caso de trabajadores por cuenta propia se acreditara mediante la certificaci\u00f3n de alta en el censo de obligados tributarios).<\/p>\n<ul>\n<li>Comienzo de curso: 01\/03\/2016<\/li>\n<li>Fecha de finalizaci\u00f3n: \u00a0SIN PRACTICAS EN EMPRESA 06\/10\/2016 \u00a0&#8211;\u00a0CON PRACTICAS EN EMPRESA 31\/10\/2016<\/li>\n<li>Horario: de 18,30\u00a0h a 22h.<\/li>\n<li>Dias de la semana: LUNES, MARTES, MIERCOLES Y JUEVES<\/li>\n<li><a title=\"Curso: Montaje y mantenimiento de instalaciones frigor\u00edficas\" href=\"http:\/\/www.cefoimvalencia.com\/pdf\/15.pdf\" target=\"_blank\" rel=\"nofollow\"><strong>Descarga toda la informaci\u00f3n aqu\u00ed<\/strong><\/a><\/li>\n<\/ul>\n<p>Fuente:\u00a0<a title=\"Curso: Montaje y mantenimiento de instalaciones frigor\u00edficas\" href=\"http:\/\/www.cefoimvalencia.com\/pdf\/15.pdf\" target=\"_blank\" rel=\"nofollow\">cefoimvalencia.com<\/a><\/p>\n<p>&nbsp;<\/p>\n","protected":false},"excerpt":{"rendered":"<p>Desde la escuela\u00a0CEFOIM VALENCIA\u00a0nos llega este nuevo\u00a0curso\u00a0del Certificado de Profesionalidad de Frigorista. Objetivos: Realizar el montaje, mantenimiento y reparaci\u00f3n de instalaciones frigor\u00edficas con la calidad requerida, cumpliendo con la reglamentaci\u00f3n vigente y en condiciones de seguridad y de respeto al medio ambiente. Requisitos: Las administraciones p\u00fablicas convocaran unas pruebas para poder demostrar las competencias suficientes [&hellip;]<\/p>\n","protected":false},"author":1,"featured_media":0,"comment_status":"closed","ping_status":"open","sticky":false,"template":"","format":"standard","meta":{"footnotes":""},"categories":[12,21,1],"tags":[7,50,23,26,24,27,31],"class_list":["post-123","post","type-post","status-publish","format-standard","hentry","category-climatizacion","category-cursos-refrigeracion","category-refrigeracion","tag-climatizacion","tag-curso","tag-curso-de-refrigeracion","tag-curso-para-frigoristas","tag-curso-para-instaladores","tag-frigorista","tag-refrigeracion-2"],"blocksy_meta":[],"aioseo_notices":[],"_links":{"self":[{"href":"https:\/\/refrigeracionzelsio.es\/blog\/wp-json\/wp\/v2\/posts\/123","targetHints":{"allow":["GET"]}}],"collection":[{"href":"https:\/\/refrigeracionzelsio.es\/blog\/wp-json\/wp\/v2\/posts"}],"about":[{"href":"https:\/\/refrigeracionzelsio.es\/blog\/wp-json\/wp\/v2\/types\/post"}],"author":[{"embeddable":true,"href":"https:\/\/refrigeracionzelsio.es\/blog\/wp-json\/wp\/v2\/users\/1"}],"replies":[{"embeddable":true,"href":"https:\/\/refrigeracionzelsio.es\/blog\/wp-json\/wp\/v2\/comments?post=123"}],"version-history":[{"count":13,"href":"https:\/\/refrigeracionzelsio.es\/blog\/wp-json\/wp\/v2\/posts\/123\/revisions"}],"predecessor-version":[{"id":852,"href":"https:\/\/refrigeracionzelsio.es\/blog\/wp-json\/wp\/v2\/posts\/123\/revisions\/852"}],"wp:attachment":[{"href":"https:\/\/refrigeracionzelsio.es\/blog\/wp-json\/wp\/v2\/media?parent=123"}],"wp:term":[{"taxonomy":"category","embeddable":true,"href":"https:\/\/refrigeracionzelsio.es\/blog\/wp-json\/wp\/v2\/categories?post=123"},{"taxonomy":"post_tag","embeddable":true,"href":"https:\/\/refrigeracionzelsio.es\/blog\/wp-json\/wp\/v2\/tags?post=123"}],"curies":[{"name":"wp","href":"https:\/\/api.w.org\/{rel}","templated":true}]}}