{"id":640,"date":"2016-03-17T15:24:44","date_gmt":"2016-03-17T14:24:44","guid":{"rendered":"http:\/\/www.refrigeracionzelsio.es\/blog\/?p=640"},"modified":"2025-09-26T11:45:10","modified_gmt":"2025-09-26T09:45:10","slug":"rejillas-difusores-conductos-compuertas","status":"publish","type":"post","link":"https:\/\/refrigeracionzelsio.es\/blog\/rejillas-difusores-conductos-compuertas\/","title":{"rendered":"Rejillas, difusores, conductos textiles y compuertas"},"content":{"rendered":"<p>En\u00a0<a href=\"http:\/\/www.refrigeracionzelsio.es\/\" target=\"_blank\"><strong>zelsio.com<\/strong><\/a>\u00a0puedes encontrar una gran variedad de\u00a0<a href=\"http:\/\/www.refrigeracionzelsio.es\/26-rejillas-conductos-compuerta-difurores-termicos\" target=\"_blank\"><strong>rejillas, difusores, conductos textiles y compuertas<\/strong><\/a> para la \u00a0climatizaci\u00f3n, aire acondicionado, ventilaci\u00f3n y extracci\u00f3n.<\/p>\n<p>Os dejamos algunas ofertas de nuestra tienda online:<\/p>\n<p>A)<strong> REJILLAS DE VENTILACI\u00d3N:<\/strong> son rejillas de\u00a0aire de impulsi\u00f3n y de retorno, para instalaciones de aire acondicionado, calefacci\u00f3n, ventilaci\u00f3n, extracci\u00f3n e impulsi\u00f3n de aire. Aplicables a instalaciones dom\u00e9sticas, oficinas, tiendas comerciales, parkings, f\u00e1bricas, etc.<!--more--><\/p>\n<p>&nbsp;<\/p>\n<figure id=\"attachment_642\" aria-describedby=\"caption-attachment-642\" style=\"width: 300px\" class=\"wp-caption aligncenter\"><a href=\"http:\/\/www.refrigeracionzelsio.es\/rejillas-de-ventilacion\/1206-airflow-ich.html\"><img loading=\"lazy\" decoding=\"async\" class=\"wp-image-642 size-medium\" src=\"http:\/\/www.refrigeracionzelsio.es\/blog\/wp-content\/uploads\/2014\/12\/airflow-ich1-300x210.jpg\" alt=\"\" width=\"300\" height=\"210\" srcset=\"https:\/\/refrigeracionzelsio.es\/blog\/wp-content\/uploads\/2014\/12\/airflow-ich1-300x210.jpg 300w, https:\/\/refrigeracionzelsio.es\/blog\/wp-content\/uploads\/2014\/12\/airflow-ich1.jpg 315w\" sizes=\"auto, (max-width: 300px) 100vw, 300px\" \/><\/a><figcaption id=\"caption-attachment-642\" class=\"wp-caption-text\">AIRFLOW ICH<\/figcaption><\/figure>\n<p>B) <strong>DIFUSORES DE AIRE:<\/strong>\u00a0Difusores de aire para ventilaci\u00f3n, calefacci\u00f3n y aire acondicionado.<\/p>\n<p>&nbsp;<\/p>\n<figure id=\"attachment_643\" aria-describedby=\"caption-attachment-643\" style=\"width: 229px\" class=\"wp-caption aligncenter\"><a href=\"http:\/\/www.refrigeracionzelsio.es\/difusores-de-aire\/1490-madel-dcn.html\"><img loading=\"lazy\" decoding=\"async\" class=\" wp-image-643\" src=\"http:\/\/www.refrigeracionzelsio.es\/blog\/wp-content\/uploads\/2014\/12\/madel-dcn.jpg\" alt=\"MADEL DCN\" width=\"229\" height=\"229\" srcset=\"https:\/\/refrigeracionzelsio.es\/blog\/wp-content\/uploads\/2014\/12\/madel-dcn.jpg 300w, https:\/\/refrigeracionzelsio.es\/blog\/wp-content\/uploads\/2014\/12\/madel-dcn-150x150.jpg 150w\" sizes=\"auto, (max-width: 229px) 100vw, 229px\" \/><\/a><figcaption id=\"caption-attachment-643\" class=\"wp-caption-text\">MADEL DCN<\/figcaption><\/figure>\n<p>C) <strong>COMPUERTAS:\u00a0<\/strong>Compuertas para regulaci\u00f3n del caudal y presi\u00f3n del aire en instalaciones de climatizaci\u00f3n y ventilaci\u00f3n y equipos de refrigeraci\u00f3n.<\/p>\n<figure id=\"attachment_644\" aria-describedby=\"caption-attachment-644\" style=\"width: 233px\" class=\"wp-caption aligncenter\"><a href=\"http:\/\/www.refrigeracionzelsio.es\/compuertas\/1494-madel-sqr.html\"><img loading=\"lazy\" decoding=\"async\" class=\" wp-image-644\" src=\"http:\/\/www.refrigeracionzelsio.es\/blog\/wp-content\/uploads\/2014\/12\/madel-sqr.jpg\" alt=\"MADEL SQR\" width=\"233\" height=\"233\" srcset=\"https:\/\/refrigeracionzelsio.es\/blog\/wp-content\/uploads\/2014\/12\/madel-sqr.jpg 300w, https:\/\/refrigeracionzelsio.es\/blog\/wp-content\/uploads\/2014\/12\/madel-sqr-150x150.jpg 150w\" sizes=\"auto, (max-width: 233px) 100vw, 233px\" \/><\/a><figcaption id=\"caption-attachment-644\" class=\"wp-caption-text\">MADEL SQR<\/figcaption><\/figure>\n<p>D)<strong> CONDUCTOS DE VENTILACI\u00d3N:\u00a0<\/strong>Conductos de ventilaci\u00f3n para la distribuci\u00f3n de aire en instalaciones a aire acondicionado de locales comerciales, calefacci\u00f3n de piscinas, ventilaci\u00f3n en f\u00e1bricas, c\u00e1maras frigor\u00edficas, renovaci\u00f3n y extracci\u00f3n de aire de locales comerciales.<\/p>\n<figure id=\"attachment_645\" aria-describedby=\"caption-attachment-645\" style=\"width: 266px\" class=\"wp-caption aligncenter\"><a href=\"http:\/\/www.refrigeracionzelsio.es\/conductos-de-ventilacion\/628-textiles.html\"><img loading=\"lazy\" decoding=\"async\" class=\" wp-image-645\" src=\"http:\/\/www.refrigeracionzelsio.es\/blog\/wp-content\/uploads\/2014\/12\/textiles-1-300x300.jpg\" alt=\"CONDUCTO TEXTIL\" width=\"266\" height=\"266\" srcset=\"https:\/\/refrigeracionzelsio.es\/blog\/wp-content\/uploads\/2014\/12\/textiles-1-300x300.jpg 300w, https:\/\/refrigeracionzelsio.es\/blog\/wp-content\/uploads\/2014\/12\/textiles-1-150x150.jpg 150w, https:\/\/refrigeracionzelsio.es\/blog\/wp-content\/uploads\/2014\/12\/textiles-1.jpg 600w\" sizes=\"auto, (max-width: 266px) 100vw, 266px\" \/><\/a><figcaption id=\"caption-attachment-645\" class=\"wp-caption-text\">CONDUCTO TEXTIL<\/figcaption><\/figure>\n<p><em>Escrito por\u00a0<a href=\"https:\/\/plus.google.com\/106843244176303319071?rel=author\">C\u00e9sar Rodr\u00edguez<\/a>\u00a0Especialista en Equipos de Refrigeraci\u00f3n Industrial<\/em><\/p>\n","protected":false},"excerpt":{"rendered":"<p>En\u00a0zelsio.com\u00a0puedes encontrar una gran variedad de\u00a0rejillas, difusores, conductos textiles y compuertas para la \u00a0climatizaci\u00f3n, aire acondicionado, ventilaci\u00f3n y extracci\u00f3n. Os dejamos algunas ofertas de nuestra tienda online: A) REJILLAS DE VENTILACI\u00d3N: son rejillas de\u00a0aire de impulsi\u00f3n y de retorno, para instalaciones de aire acondicionado, calefacci\u00f3n, ventilaci\u00f3n, extracci\u00f3n e impulsi\u00f3n de aire. Aplicables a instalaciones dom\u00e9sticas, [&hellip;]<\/p>\n","protected":false},"author":1,"featured_media":0,"comment_status":"closed","ping_status":"open","sticky":false,"template":"","format":"standard","meta":{"footnotes":""},"categories":[12,9,1],"tags":[],"class_list":["post-640","post","type-post","status-publish","format-standard","hentry","category-climatizacion","category-ofertas-refrigeracion-climatizacion","category-refrigeracion"],"blocksy_meta":[],"aioseo_notices":[],"_links":{"self":[{"href":"https:\/\/refrigeracionzelsio.es\/blog\/wp-json\/wp\/v2\/posts\/640","targetHints":{"allow":["GET"]}}],"collection":[{"href":"https:\/\/refrigeracionzelsio.es\/blog\/wp-json\/wp\/v2\/posts"}],"about":[{"href":"https:\/\/refrigeracionzelsio.es\/blog\/wp-json\/wp\/v2\/types\/post"}],"author":[{"embeddable":true,"href":"https:\/\/refrigeracionzelsio.es\/blog\/wp-json\/wp\/v2\/users\/1"}],"replies":[{"embeddable":true,"href":"https:\/\/refrigeracionzelsio.es\/blog\/wp-json\/wp\/v2\/comments?post=640"}],"version-history":[{"count":5,"href":"https:\/\/refrigeracionzelsio.es\/blog\/wp-json\/wp\/v2\/posts\/640\/revisions"}],"predecessor-version":[{"id":648,"href":"https:\/\/refrigeracionzelsio.es\/blog\/wp-json\/wp\/v2\/posts\/640\/revisions\/648"}],"wp:attachment":[{"href":"https:\/\/refrigeracionzelsio.es\/blog\/wp-json\/wp\/v2\/media?parent=640"}],"wp:term":[{"taxonomy":"category","embeddable":true,"href":"https:\/\/refrigeracionzelsio.es\/blog\/wp-json\/wp\/v2\/categories?post=640"},{"taxonomy":"post_tag","embeddable":true,"href":"https:\/\/refrigeracionzelsio.es\/blog\/wp-json\/wp\/v2\/tags?post=640"}],"curies":[{"name":"wp","href":"https:\/\/api.w.org\/{rel}","templated":true}]}}